{"id":847,"date":"2016-02-17T13:00:07","date_gmt":"2016-02-17T13:00:07","guid":{"rendered":"http:\/\/gabrielats.es\/blog\/?p=847"},"modified":"2021-04-18T17:46:34","modified_gmt":"2021-04-18T16:46:34","slug":"programa-3-%c2%b7-cosas-de-familia-poscast","status":"publish","type":"post","link":"http:\/\/gabrielats.es\/blog\/2016\/02\/17\/programa-3-%c2%b7-cosas-de-familia-poscast\/","title":{"rendered":"PROGRAMA 3 .\u00b7. COSAS DE FAMILIA &#8211; Podcast"},"content":{"rendered":"<p style=\"text-align: justify;\">En el tercer&nbsp;programa de <strong>Cosas de Familia<\/strong>; hemos contado con la intervenci\u00f3n de la terapeuta ocupacional&nbsp;<strong>Isabel Valido S\u00e1nchez<\/strong> y hemos hablado del tema \u201c<strong>qu\u00e9 es la terapia ocupacional y qu\u00e9 nos puede aportar<\/strong>\u201c. Nos ha aclarado que la funci\u00f3n de los terapeutas ocupacionales es fomentar y mejorar la ocupaci\u00f3n de las personas; es decir, las actividades, pr\u00e1cticas que realizamos los humanos para realizar una acci\u00f3n como puede ser caminar, conducir, etc. Tambi\u00e9n, que trabajan, con todo el rango de edades: ni\u00f1os, adultos, tercer edad, etc. Sus \u00e1mbitos de aplicaci\u00f3n, procedimiento para solicitarla, entre muchas otras cosas.<\/p>\n<p style=\"text-align: justify;\">Si te lo perdiste y quieres escucharlo, aqu\u00ed te dejo el podcast del tercer programa de Cosas de Familia.<\/p>\n<p><iframe loading=\"lazy\" id=\"audio_10484416\" style=\"border: 1px solid #EEE; box-sizing: border-box; width: 100%;\" src=\"http:\/\/www.ivoox.com\/player_ej_10484416_4_1.html?c1=C21D17\" width=\"300\" height=\"200\" frameborder=\"0\" scrolling=\"no\" allowfullscreen=\"allowfullscreen\"><\/iframe><\/p>\n","protected":false},"excerpt":{"rendered":"<p>En el tercer&nbsp;programa de Cosas de Familia; hemos contado con la intervenci\u00f3n de la terapeuta ocupacional&nbsp;Isabel Valido S\u00e1nchez y hemos hablado del tema \u201cqu\u00e9 es la terapia ocupacional y qu\u00e9 nos puede aportar\u201c. Nos ha aclarado que la funci\u00f3n de los terapeutas ocupacionales es fomentar y mejorar la ocupaci\u00f3n de las personas; es decir, las [&hellip;]<\/p>\n","protected":false},"author":1,"featured_media":0,"comment_status":"closed","ping_status":"open","sticky":false,"template":"","format":"standard","meta":{"footnotes":""},"categories":[66,84],"tags":[90,85,86,95],"class_list":["post-847","post","type-post","status-publish","format-standard","hentry","category-blog","category-cosas-de-familia","tag-capital-radio-canarias","tag-cosas-de-familia","tag-podcast","tag-terapia-ocupacional"],"_links":{"self":[{"href":"http:\/\/gabrielats.es\/blog\/wp-json\/wp\/v2\/posts\/847","targetHints":{"allow":["GET"]}}],"collection":[{"href":"http:\/\/gabrielats.es\/blog\/wp-json\/wp\/v2\/posts"}],"about":[{"href":"http:\/\/gabrielats.es\/blog\/wp-json\/wp\/v2\/types\/post"}],"author":[{"embeddable":true,"href":"http:\/\/gabrielats.es\/blog\/wp-json\/wp\/v2\/users\/1"}],"replies":[{"embeddable":true,"href":"http:\/\/gabrielats.es\/blog\/wp-json\/wp\/v2\/comments?post=847"}],"version-history":[{"count":7,"href":"http:\/\/gabrielats.es\/blog\/wp-json\/wp\/v2\/posts\/847\/revisions"}],"predecessor-version":[{"id":1069,"href":"http:\/\/gabrielats.es\/blog\/wp-json\/wp\/v2\/posts\/847\/revisions\/1069"}],"wp:attachment":[{"href":"http:\/\/gabrielats.es\/blog\/wp-json\/wp\/v2\/media?parent=847"}],"wp:term":[{"taxonomy":"category","embeddable":true,"href":"http:\/\/gabrielats.es\/blog\/wp-json\/wp\/v2\/categories?post=847"},{"taxonomy":"post_tag","embeddable":true,"href":"http:\/\/gabrielats.es\/blog\/wp-json\/wp\/v2\/tags?post=847"}],"curies":[{"name":"wp","href":"https:\/\/api.w.org\/{rel}","templated":true}]}}