{"id":844,"date":"2016-02-11T09:00:02","date_gmt":"2016-02-11T09:00:02","guid":{"rendered":"http:\/\/gabrielats.es\/blog\/?p=844"},"modified":"2016-08-16T15:34:27","modified_gmt":"2016-08-16T14:34:27","slug":"programa-3-%c2%b7-cosas-de-familia-que-es-la-terapia-ocupacional-y-que-puede-aportarnos","status":"publish","type":"post","link":"http:\/\/gabrielats.es\/blog\/2016\/02\/11\/programa-3-%c2%b7-cosas-de-familia-que-es-la-terapia-ocupacional-y-que-puede-aportarnos\/","title":{"rendered":"PROGRAMA 3 .\u00b7. COSAS DE FAMILIA: \u00abQu\u00e9 es la Terapia Ocupacional y qu\u00e9 puede aportarnos\u00bb"},"content":{"rendered":"<p>En el pr\u00f3ximo programa de <strong>Cosas de Familia<\/strong>\u2026<\/p>\n<p style=\"text-align: justify;\">contaremos con <strong>Isabel Valido S\u00e1nchez<\/strong>, graduada en Terapia Ocupacional, con M\u00e1ster en Asistencia e Investigaci\u00f3n Sanitaria por la Universidad de Coru\u00f1a, y secretaria de la <a title=\"Asociaci\u00f3n Profesional de Terapeutas Ocupacionales de Canarias\" href=\"http:\/\/aptoca.org\/\">Asociaci\u00f3n Profesional de Terapeutas Ocupacionales de Canarias<\/a>.<\/p>\n<p style=\"text-align: justify;\">Hablaremos sobre <strong>qu\u00e9 es la Terapia Ocupacional y qu\u00e9 nos puede aportar<\/strong>.<\/p>\n<p><span style=\"text-decoration: underline;\"><strong>Puedes escucharlo en las siguientes frecuencias<\/strong><\/span>:<\/p>\n<p>101.6 FM y 91.7 FM en Gran Canaria.<\/p>\n<p>94.1 FM en Lanzarote y Fuerteventura.<\/p>\n<p>101.5 FM en Tenerife.<\/p>\n<p>100.3 FM en La Gomera.<\/p>\n<p>ONLINE: <a title=\"http:\/\/www.capitalradiocanarias.es\/\" href=\"http:\/\/www.capitalradiocanarias.es\/\" target=\"_blank\">http:\/\/www.capitalradiocanarias.es\/<\/a><\/p>\n<p>&nbsp;<\/p>\n<p>\u00a1No te lo pierdas!<\/p>\n","protected":false},"excerpt":{"rendered":"<p>En el pr\u00f3ximo programa de Cosas de Familia\u2026 contaremos con Isabel Valido S\u00e1nchez, graduada en Terapia Ocupacional, con M\u00e1ster en Asistencia e Investigaci\u00f3n Sanitaria por la Universidad de Coru\u00f1a, y secretaria de la Asociaci\u00f3n Profesional de Terapeutas Ocupacionales de Canarias. Hablaremos sobre qu\u00e9 es la Terapia Ocupacional y qu\u00e9 nos puede aportar. Puedes escucharlo en [&hellip;]<\/p>\n","protected":false},"author":1,"featured_media":0,"comment_status":"closed","ping_status":"open","sticky":false,"template":"","format":"standard","meta":{"footnotes":""},"categories":[66,84],"tags":[90,85,95],"class_list":["post-844","post","type-post","status-publish","format-standard","hentry","category-blog","category-cosas-de-familia","tag-capital-radio-canarias","tag-cosas-de-familia","tag-terapia-ocupacional"],"_links":{"self":[{"href":"http:\/\/gabrielats.es\/blog\/wp-json\/wp\/v2\/posts\/844","targetHints":{"allow":["GET"]}}],"collection":[{"href":"http:\/\/gabrielats.es\/blog\/wp-json\/wp\/v2\/posts"}],"about":[{"href":"http:\/\/gabrielats.es\/blog\/wp-json\/wp\/v2\/types\/post"}],"author":[{"embeddable":true,"href":"http:\/\/gabrielats.es\/blog\/wp-json\/wp\/v2\/users\/1"}],"replies":[{"embeddable":true,"href":"http:\/\/gabrielats.es\/blog\/wp-json\/wp\/v2\/comments?post=844"}],"version-history":[{"count":5,"href":"http:\/\/gabrielats.es\/blog\/wp-json\/wp\/v2\/posts\/844\/revisions"}],"predecessor-version":[{"id":896,"href":"http:\/\/gabrielats.es\/blog\/wp-json\/wp\/v2\/posts\/844\/revisions\/896"}],"wp:attachment":[{"href":"http:\/\/gabrielats.es\/blog\/wp-json\/wp\/v2\/media?parent=844"}],"wp:term":[{"taxonomy":"category","embeddable":true,"href":"http:\/\/gabrielats.es\/blog\/wp-json\/wp\/v2\/categories?post=844"},{"taxonomy":"post_tag","embeddable":true,"href":"http:\/\/gabrielats.es\/blog\/wp-json\/wp\/v2\/tags?post=844"}],"curies":[{"name":"wp","href":"https:\/\/api.w.org\/{rel}","templated":true}]}}