{"id":838,"date":"2016-02-01T09:00:55","date_gmt":"2016-02-01T09:00:55","guid":{"rendered":"http:\/\/gabrielats.es\/blog\/?p=838"},"modified":"2016-08-16T15:30:10","modified_gmt":"2016-08-16T14:30:10","slug":"programa-2-%c2%b7-cosas-de-familia-seguridad-vial-y-la-nueva-normativa-al-respecto","status":"publish","type":"post","link":"http:\/\/gabrielats.es\/blog\/2016\/02\/01\/programa-2-%c2%b7-cosas-de-familia-seguridad-vial-y-la-nueva-normativa-al-respecto\/","title":{"rendered":"PROGRAMA 2 .\u00b7. COSAS DE FAMILIA \u00abSeguridad Vial y la nueva normativa al respecto\u00bb"},"content":{"rendered":"<p>En el pr\u00f3ximo programa de <strong>Cosas de Familia<\/strong>&#8230;<\/p>\n<p>contaremos con <strong>Jes\u00fas Rodr\u00edguez S\u00e1nchez<\/strong>, padre, polic\u00eda y experto profesional en Seguridad Vial por la U.N.E.D. y diplomado en Psicolog\u00eda del Tr\u00e1fico. Creador del Proyecto de <a title=\"Seguridad Vial en Familia\" href=\"http:\/\/www.seguridadvialenfamilia.com\/\" target=\"_blank\"><strong>Seguridad Vial en Familia<\/strong><\/a>, es miembro de la <a title=\"Carta Europea de Seguridad Vial\" href=\"http:\/\/www.erscharter.eu\/es\" target=\"_blank\">Carta Europea de Seguridad Vial<\/a> y socio de la <a title=\"Asociaci\u00f3n Nacional de Seguridad Infantil\" href=\"http:\/\/www.seguridadinfantil.org\/\" target=\"_blank\">Asociaci\u00f3n Nacional de Seguridad Infantil<\/a>.<\/p>\n<p>Hablaremos sobre la <strong>Seguridad Vial y la nueva normativa al respecto<\/strong>; as\u00ed como de la importancia de viajar a contramarcha.<\/p>\n<p style=\"text-align: center;\"><a href=\"http:\/\/gabrielats.es\/blog\/wp-content\/uploads\/2016\/02\/11143536_1427937634185815_3590793035152888083_n.jpg\"><img loading=\"lazy\" decoding=\"async\" class=\"aligncenter size-medium wp-image-864\" src=\"http:\/\/gabrielats.es\/blog\/wp-content\/uploads\/2016\/02\/11143536_1427937634185815_3590793035152888083_n-300x180.jpg\" alt=\"11143536_1427937634185815_3590793035152888083_n\" width=\"300\" height=\"180\" srcset=\"http:\/\/gabrielats.es\/blog\/wp-content\/uploads\/2016\/02\/11143536_1427937634185815_3590793035152888083_n-300x180.jpg 300w, http:\/\/gabrielats.es\/blog\/wp-content\/uploads\/2016\/02\/11143536_1427937634185815_3590793035152888083_n-332x199.jpg 332w, http:\/\/gabrielats.es\/blog\/wp-content\/uploads\/2016\/02\/11143536_1427937634185815_3590793035152888083_n.jpg 522w\" sizes=\"auto, (max-width: 300px) 100vw, 300px\" \/><\/a><\/p>\n<p style=\"text-align: center;\">\n<p><span style=\"text-decoration: underline;\"><strong>Puedes escucharlo en las siguientes frecuencias<\/strong><\/span>:<\/p>\n<p>101.6 FM y 91.7 FM en Gran Canaria.<\/p>\n<p>94.1 FM en Lanzarote y Fuerteventura.<\/p>\n<p>101.5 FM en Tenerife.<\/p>\n<p>100.3 FM en La Gomera.<\/p>\n<p>ONLINE: <a title=\"http:\/\/www.capitalradiocanarias.es\/\" href=\"http:\/\/www.capitalradiocanarias.es\/\" target=\"_blank\">http:\/\/www.capitalradiocanarias.es\/<\/a><\/p>\n<p style=\"text-align: justify;\">\n<p style=\"text-align: center;\">\n<p>\u00a1No te lo pierdas!<\/p>\n","protected":false},"excerpt":{"rendered":"<p>En el pr\u00f3ximo programa de Cosas de Familia&#8230; contaremos con Jes\u00fas Rodr\u00edguez S\u00e1nchez, padre, polic\u00eda y experto profesional en Seguridad Vial por la U.N.E.D. y diplomado en Psicolog\u00eda del Tr\u00e1fico. Creador del Proyecto de Seguridad Vial en Familia, es miembro de la Carta Europea de Seguridad Vial y socio de la Asociaci\u00f3n Nacional de Seguridad [&hellip;]<\/p>\n","protected":false},"author":1,"featured_media":0,"comment_status":"closed","ping_status":"open","sticky":false,"template":"","format":"standard","meta":{"footnotes":""},"categories":[66,84],"tags":[93,90,85,91,92],"class_list":["post-838","post","type-post","status-publish","format-standard","hentry","category-blog","category-cosas-de-familia","tag-a-contra-marcha","tag-capital-radio-canarias","tag-cosas-de-familia","tag-seguridad-vial","tag-sistemas-de-retencion"],"_links":{"self":[{"href":"http:\/\/gabrielats.es\/blog\/wp-json\/wp\/v2\/posts\/838","targetHints":{"allow":["GET"]}}],"collection":[{"href":"http:\/\/gabrielats.es\/blog\/wp-json\/wp\/v2\/posts"}],"about":[{"href":"http:\/\/gabrielats.es\/blog\/wp-json\/wp\/v2\/types\/post"}],"author":[{"embeddable":true,"href":"http:\/\/gabrielats.es\/blog\/wp-json\/wp\/v2\/users\/1"}],"replies":[{"embeddable":true,"href":"http:\/\/gabrielats.es\/blog\/wp-json\/wp\/v2\/comments?post=838"}],"version-history":[{"count":6,"href":"http:\/\/gabrielats.es\/blog\/wp-json\/wp\/v2\/posts\/838\/revisions"}],"predecessor-version":[{"id":897,"href":"http:\/\/gabrielats.es\/blog\/wp-json\/wp\/v2\/posts\/838\/revisions\/897"}],"wp:attachment":[{"href":"http:\/\/gabrielats.es\/blog\/wp-json\/wp\/v2\/media?parent=838"}],"wp:term":[{"taxonomy":"category","embeddable":true,"href":"http:\/\/gabrielats.es\/blog\/wp-json\/wp\/v2\/categories?post=838"},{"taxonomy":"post_tag","embeddable":true,"href":"http:\/\/gabrielats.es\/blog\/wp-json\/wp\/v2\/tags?post=838"}],"curies":[{"name":"wp","href":"https:\/\/api.w.org\/{rel}","templated":true}]}}