{"id":827,"date":"2016-01-21T11:30:16","date_gmt":"2016-01-21T11:30:16","guid":{"rendered":"http:\/\/gabrielats.es\/blog\/?p=827"},"modified":"2016-08-16T15:30:50","modified_gmt":"2016-08-16T14:30:50","slug":"proximamente","status":"publish","type":"post","link":"http:\/\/gabrielats.es\/blog\/2016\/01\/21\/proximamente\/","title":{"rendered":"PR\u00d3XIMAMENTE&#8230;"},"content":{"rendered":"<p style=\"text-align: justify;\">En breve comenzar\u00e9 un nuevo proyecto, el cual espero que os guste, ser\u00e1 un <span style=\"color: #c21d00;\"><strong>programa de radio<\/strong> <\/span>dedicado a las familias; un programa para todos y todas; un programa que contar\u00e1 con expertos de todos los \u00e1mbitos y en el que trataremos todo tipo de temas; pero en especial, los relacionados con la educaci\u00f3n, la sanidad, la seguridad, las nuevas tecnolog\u00edas, los deportes, la alimentaci\u00f3n, el porteo, la lactancia e incluso la econom\u00eda familiar.<\/p>\n<p style=\"text-align: justify;\">Ser\u00e1 un programa <strong>hecho para t\u00ed<\/strong>, porque todos formamos parte de una familia.<\/p>\n<p style=\"text-align: justify;\"><a href=\"http:\/\/gabrielats.es\/blog\/wp-content\/uploads\/2016\/06\/logo_coloresCorporativos_BN.jpg\"><img loading=\"lazy\" decoding=\"async\" class=\"aligncenter size-medium wp-image-828\" src=\"http:\/\/gabrielats.es\/blog\/wp-content\/uploads\/2016\/06\/logo_coloresCorporativos_BN-300x150.jpg\" alt=\"logo_CosasDeFamilia_gabrielats\" width=\"300\" height=\"150\" srcset=\"http:\/\/gabrielats.es\/blog\/wp-content\/uploads\/2016\/06\/logo_coloresCorporativos_BN-300x150.jpg 300w, http:\/\/gabrielats.es\/blog\/wp-content\/uploads\/2016\/06\/logo_coloresCorporativos_BN-1024x512.jpg 1024w, http:\/\/gabrielats.es\/blog\/wp-content\/uploads\/2016\/06\/logo_coloresCorporativos_BN-700x350.jpg 700w, http:\/\/gabrielats.es\/blog\/wp-content\/uploads\/2016\/06\/logo_coloresCorporativos_BN-332x166.jpg 332w\" sizes=\"auto, (max-width: 300px) 100vw, 300px\" \/><\/a><\/p>\n<p style=\"text-align: justify;\">Si eres madre o padre, sabes perfectamente que toda la informaci\u00f3n es poca, cuando se trata de <strong>ofrecerles lo mejor a tus hijos<\/strong>. En un mundo globalizado como el actual, donde la ciencia avanza a pasos gigantes, es normal que la informaci\u00f3n relacionada con la crianza cambi\u00e9 constantemente y que lo que se usaba en anta\u00f1o se quede obsoleto en muchas ocasiones o incluso pueda resultar hasta peligroso.<\/p>\n<p style=\"text-align: justify;\">Por todo ello, nace el nuevo programa de <strong>Capital Radio Canarias<\/strong>, <span style=\"color: #c21d00;\"><strong>Cosas de familia<\/strong><\/span>, porque toda la informaci\u00f3n es poca cuando se trata de los que m\u00e1s queremos.<\/p>\n<h4 style=\"text-align: justify;\">El debut ser\u00e1 el <span style=\"color: #c21d00;\"><strong>pr\u00f3ximo jueves 28 de enero a las 11:30h<\/strong><\/span>.<\/h4>\n","protected":false},"excerpt":{"rendered":"<p>En breve comenzar\u00e9 un nuevo proyecto, el cual espero que os guste, ser\u00e1 un programa de radio dedicado a las familias; un programa para todos y todas; un programa que contar\u00e1 con expertos de todos los \u00e1mbitos y en el que trataremos todo tipo de temas; pero en especial, los relacionados con la educaci\u00f3n, la [&hellip;]<\/p>\n","protected":false},"author":1,"featured_media":0,"comment_status":"closed","ping_status":"open","sticky":false,"template":"","format":"standard","meta":{"footnotes":""},"categories":[66,84,1],"tags":[90,85],"class_list":["post-827","post","type-post","status-publish","format-standard","hentry","category-blog","category-cosas-de-familia","category-general","tag-capital-radio-canarias","tag-cosas-de-familia"],"_links":{"self":[{"href":"http:\/\/gabrielats.es\/blog\/wp-json\/wp\/v2\/posts\/827","targetHints":{"allow":["GET"]}}],"collection":[{"href":"http:\/\/gabrielats.es\/blog\/wp-json\/wp\/v2\/posts"}],"about":[{"href":"http:\/\/gabrielats.es\/blog\/wp-json\/wp\/v2\/types\/post"}],"author":[{"embeddable":true,"href":"http:\/\/gabrielats.es\/blog\/wp-json\/wp\/v2\/users\/1"}],"replies":[{"embeddable":true,"href":"http:\/\/gabrielats.es\/blog\/wp-json\/wp\/v2\/comments?post=827"}],"version-history":[{"count":2,"href":"http:\/\/gabrielats.es\/blog\/wp-json\/wp\/v2\/posts\/827\/revisions"}],"predecessor-version":[{"id":898,"href":"http:\/\/gabrielats.es\/blog\/wp-json\/wp\/v2\/posts\/827\/revisions\/898"}],"wp:attachment":[{"href":"http:\/\/gabrielats.es\/blog\/wp-json\/wp\/v2\/media?parent=827"}],"wp:term":[{"taxonomy":"category","embeddable":true,"href":"http:\/\/gabrielats.es\/blog\/wp-json\/wp\/v2\/categories?post=827"},{"taxonomy":"post_tag","embeddable":true,"href":"http:\/\/gabrielats.es\/blog\/wp-json\/wp\/v2\/tags?post=827"}],"curies":[{"name":"wp","href":"https:\/\/api.w.org\/{rel}","templated":true}]}}