{"id":819,"date":"2016-01-28T11:30:07","date_gmt":"2016-01-28T11:30:07","guid":{"rendered":"http:\/\/gabrielats.es\/blog\/?p=819"},"modified":"2016-08-16T15:34:02","modified_gmt":"2016-08-16T14:34:02","slug":"programa-1-%c2%b7-cosas-de-familia","status":"publish","type":"post","link":"http:\/\/gabrielats.es\/blog\/2016\/01\/28\/programa-1-%c2%b7-cosas-de-familia\/","title":{"rendered":"PROGRAMA .\u00b7. COSAS DE FAMILIA"},"content":{"rendered":"<p style=\"text-align: justify;\">Hoy ha sido el gran debut del nuevo programa de<strong> Capital Radio Canarias<\/strong>:<\/p>\n<h3 style=\"text-align: center;\"><strong><span style=\"color: #c21d00;\">Cosas de Familia<\/span><\/strong>.<\/h3>\n<p style=\"text-align: justify;\">Por ello, quisiera agradecer a <span style=\"color: #000000;\"><strong>Carlos Guillermo Dom\u00ednguez<\/strong><\/span>\u00a0la oportunidad que me han brindado para participar en el mismo como presentadora; ya que es un proyecto que llevaba unos a\u00f1os gestion\u00e1ndose en mi cabeza, como una forma m\u00e1s de aportar a la comunidad educativa y a los padres en particular mis conocimientos. Adem\u00e1s de ser una herramienta para la sociedad en general; ya que Cosas de Familia es un programa dedicado a todas las personas; pues todos formamos parte de alguna familia.<\/p>\n<p style=\"text-align: justify;\">Espero que os haya gustado tanto como a m\u00ed, si quer\u00e9is seguirlo pod\u00e9is hacerlo en las siguientes frecuencias:<\/p>\n<p style=\"text-align: justify;\"><strong>101.6 FM<\/strong> y <strong>91.7 FM<\/strong> en Gran Canaria.<\/p>\n<p style=\"text-align: justify;\"><strong>94.1 FM<\/strong> en Lanzarote y Fuerteventura.<\/p>\n<p style=\"text-align: justify;\"><strong>101.5 FM<\/strong> en Tenerife.<\/p>\n<p style=\"text-align: justify;\"><strong>100.3 FM<\/strong> en La Gomera.<\/p>\n<p style=\"text-align: justify;\">O en directo en cualquier parte del mundo a trav\u00e9s de la p\u00e1gina web de la radio:<\/p>\n<p style=\"text-align: justify;\"><span style=\"color: #000000;\"><strong>ONLINE: http:\/\/www.capitalradiocanarias.es\/<\/strong><\/span><\/p>\n<p>Este programa tendr\u00e1 su espacio <span style=\"color: #c21d00;\"><strong>cada jueves a las 11:30 h<\/strong><\/span> (hora de Canarias). \u00a1No te lo pierdas!<\/p>\n<p style=\"text-align: justify;\">\n","protected":false},"excerpt":{"rendered":"<p>Hoy ha sido el gran debut del nuevo programa de Capital Radio Canarias: Cosas de Familia. Por ello, quisiera agradecer a Carlos Guillermo Dom\u00ednguez\u00a0la oportunidad que me han brindado para participar en el mismo como presentadora; ya que es un proyecto que llevaba unos a\u00f1os gestion\u00e1ndose en mi cabeza, como una forma m\u00e1s de aportar [&hellip;]<\/p>\n","protected":false},"author":1,"featured_media":0,"comment_status":"closed","ping_status":"open","sticky":false,"template":"","format":"standard","meta":{"footnotes":""},"categories":[66,84],"tags":[90,85],"class_list":["post-819","post","type-post","status-publish","format-standard","hentry","category-blog","category-cosas-de-familia","tag-capital-radio-canarias","tag-cosas-de-familia"],"_links":{"self":[{"href":"http:\/\/gabrielats.es\/blog\/wp-json\/wp\/v2\/posts\/819","targetHints":{"allow":["GET"]}}],"collection":[{"href":"http:\/\/gabrielats.es\/blog\/wp-json\/wp\/v2\/posts"}],"about":[{"href":"http:\/\/gabrielats.es\/blog\/wp-json\/wp\/v2\/types\/post"}],"author":[{"embeddable":true,"href":"http:\/\/gabrielats.es\/blog\/wp-json\/wp\/v2\/users\/1"}],"replies":[{"embeddable":true,"href":"http:\/\/gabrielats.es\/blog\/wp-json\/wp\/v2\/comments?post=819"}],"version-history":[{"count":5,"href":"http:\/\/gabrielats.es\/blog\/wp-json\/wp\/v2\/posts\/819\/revisions"}],"predecessor-version":[{"id":826,"href":"http:\/\/gabrielats.es\/blog\/wp-json\/wp\/v2\/posts\/819\/revisions\/826"}],"wp:attachment":[{"href":"http:\/\/gabrielats.es\/blog\/wp-json\/wp\/v2\/media?parent=819"}],"wp:term":[{"taxonomy":"category","embeddable":true,"href":"http:\/\/gabrielats.es\/blog\/wp-json\/wp\/v2\/categories?post=819"},{"taxonomy":"post_tag","embeddable":true,"href":"http:\/\/gabrielats.es\/blog\/wp-json\/wp\/v2\/tags?post=819"}],"curies":[{"name":"wp","href":"https:\/\/api.w.org\/{rel}","templated":true}]}}