{"id":805,"date":"2015-12-24T05:51:55","date_gmt":"2015-12-24T05:51:55","guid":{"rendered":"http:\/\/gabrielats.es\/blog\/?p=805"},"modified":"2016-04-27T07:38:16","modified_gmt":"2016-04-27T06:38:16","slug":"dibujo-etapa-pre-esquematica","status":"publish","type":"post","link":"http:\/\/gabrielats.es\/blog\/2015\/12\/24\/dibujo-etapa-pre-esquematica\/","title":{"rendered":"DIBUJO: ETAPA PRE-ESQUEM\u00c1TICA"},"content":{"rendered":"<p style=\"text-align: justify;\">La<span style=\"color: #df3e47;\"><strong><span style=\"color: #df3e47;\"> etapa<\/span> <span style=\"color: #df3e47;\">pre-esquem\u00e1tica<\/span><\/strong><\/span>\u00a0se ubica entre los <strong>4 a\u00f1os y los 6 a\u00f1os<\/strong>. Se divide en dos subetapas: egoc\u00e9ntrica y de transici\u00f3n. El ni\u00f1o realiza im\u00e1genes corporales que tambi\u00e9n interpola a otras im\u00e1genes pero utilizando los mismos recursos. Utiliza el color de forma emocional. No tiene un plan consciente de trabajo, dibujando sin planificaci\u00f3n y ayud\u00e1ndose de la expresi\u00f3n verbal; utilizando la proporci\u00f3n de forma emocional en relaci\u00f3n a lo dibujado.<\/p>\n<p style=\"text-align: justify;\">\n<p style=\"text-align: center;\"><span style=\"color: #df3e47;\"><strong><span style=\"color: #df3e47;\">PRIMERA<\/span> <span style=\"color: #df3e47;\">SUBETAPA<\/span> <span style=\"color: #df3e47;\">&#8211; EGOC\u00c9NTRICA<\/span><\/strong><\/span><\/p>\n<p style=\"text-align: justify;\">Intenta la consecuci\u00f3n de la imagen corporal realizando cabezudos y renacuajos primarios; ubicados en una distribuci\u00f3n espacial en la que los elementos flotan en el espacio alrededor de una figura principal.<\/p>\n<p style=\"text-align: justify;\">\n<p style=\"text-align: center;\"><span style=\"color: #df3e47;\"><strong><span style=\"color: #df3e47;\">SEGUNDA<\/span> <span style=\"color: #df3e47;\">SUBETAPA &#8211; DE TRANSICI\u00d3N<\/span><\/strong><\/span><\/p>\n<p style=\"text-align: justify;\">En la consecuci\u00f3n de la imagen corporal ya realiza im\u00e1genes corporales m\u00e1s complejas y con cuerpo; en una ubicaci\u00f3n espacial donde los elementos flotan en el espacio en posici\u00f3n vertical sin apoyo.<\/p>\n<p style=\"text-align: justify;\">\n","protected":false},"excerpt":{"rendered":"<p>La etapa pre-esquem\u00e1tica\u00a0se ubica entre los 4 a\u00f1os y los 6 a\u00f1os. Se divide en dos subetapas: egoc\u00e9ntrica y de transici\u00f3n. El ni\u00f1o realiza im\u00e1genes corporales que tambi\u00e9n interpola a otras im\u00e1genes pero utilizando los mismos recursos. Utiliza el color de forma emocional. No tiene un plan consciente de trabajo, dibujando sin planificaci\u00f3n y ayud\u00e1ndose [&hellip;]<\/p>\n","protected":false},"author":1,"featured_media":0,"comment_status":"closed","ping_status":"open","sticky":false,"template":"","format":"standard","meta":{"footnotes":""},"categories":[1],"tags":[82,20,83],"class_list":["post-805","post","type-post","status-publish","format-standard","hentry","category-general","tag-dibujo","tag-infantil","tag-pre-esquema"],"_links":{"self":[{"href":"http:\/\/gabrielats.es\/blog\/wp-json\/wp\/v2\/posts\/805","targetHints":{"allow":["GET"]}}],"collection":[{"href":"http:\/\/gabrielats.es\/blog\/wp-json\/wp\/v2\/posts"}],"about":[{"href":"http:\/\/gabrielats.es\/blog\/wp-json\/wp\/v2\/types\/post"}],"author":[{"embeddable":true,"href":"http:\/\/gabrielats.es\/blog\/wp-json\/wp\/v2\/users\/1"}],"replies":[{"embeddable":true,"href":"http:\/\/gabrielats.es\/blog\/wp-json\/wp\/v2\/comments?post=805"}],"version-history":[{"count":3,"href":"http:\/\/gabrielats.es\/blog\/wp-json\/wp\/v2\/posts\/805\/revisions"}],"predecessor-version":[{"id":816,"href":"http:\/\/gabrielats.es\/blog\/wp-json\/wp\/v2\/posts\/805\/revisions\/816"}],"wp:attachment":[{"href":"http:\/\/gabrielats.es\/blog\/wp-json\/wp\/v2\/media?parent=805"}],"wp:term":[{"taxonomy":"category","embeddable":true,"href":"http:\/\/gabrielats.es\/blog\/wp-json\/wp\/v2\/categories?post=805"},{"taxonomy":"post_tag","embeddable":true,"href":"http:\/\/gabrielats.es\/blog\/wp-json\/wp\/v2\/tags?post=805"}],"curies":[{"name":"wp","href":"https:\/\/api.w.org\/{rel}","templated":true}]}}