{"id":654,"date":"2012-02-14T16:19:19","date_gmt":"2012-02-14T16:19:19","guid":{"rendered":"http:\/\/gabrielats.es\/blog\/?p=654"},"modified":"2014-10-15T15:46:44","modified_gmt":"2014-10-15T14:46:44","slug":"mi-primera-minitarta","status":"publish","type":"post","link":"http:\/\/gabrielats.es\/blog\/2012\/02\/14\/mi-primera-minitarta\/","title":{"rendered":"Mi primera minitarta"},"content":{"rendered":"<p>\u00a1Hola a todos\/as!<br \/>\nOs traigo la primera minitarta que he realizado. El queque lo hice siguiendo una receta que encontr\u00e9 por internet de como hacer un queque r\u00e1pido y en el microondas al que a\u00f1ad\u00ed cacao. Una vez fr\u00edo, lo desmolde, lo part\u00ed dos veces y lo rellen\u00e9 con buttercream de nutella.<\/p>\n<p>Por otro lado, prepar\u00e9 fondant con nubes rosadas, luego lo estir\u00e9 y recubr\u00ed la minitarta, la cu\u00e1l ya hab\u00eda recubierto con alm\u00edbar de mermelada para que el fondant quedar\u00e1 fijo.<\/p>\n<p>Finalmente, la decor\u00e9 a mi gusto y se la regal\u00e9 a mi novio Samuel.<\/p>\n<p><a href=\"http:\/\/gabrielats.es\/blog\/wp-content\/uploads\/2014\/02\/gtsminitartasanvalentin2.jpg\"><img loading=\"lazy\" decoding=\"async\" class=\"aligncenter size-medium wp-image-646\" src=\"http:\/\/gabrielats.es\/blog\/wp-content\/uploads\/2014\/02\/gtsminitartasanvalentin2-300x225.jpg\" alt=\"gtsminitartasanvalentin2\" width=\"300\" height=\"225\" srcset=\"http:\/\/gabrielats.es\/blog\/wp-content\/uploads\/2014\/02\/gtsminitartasanvalentin2-300x225.jpg 300w, http:\/\/gabrielats.es\/blog\/wp-content\/uploads\/2014\/02\/gtsminitartasanvalentin2-700x525.jpg 700w, http:\/\/gabrielats.es\/blog\/wp-content\/uploads\/2014\/02\/gtsminitartasanvalentin2-332x249.jpg 332w, http:\/\/gabrielats.es\/blog\/wp-content\/uploads\/2014\/02\/gtsminitartasanvalentin2.jpg 800w\" sizes=\"auto, (max-width: 300px) 100vw, 300px\" \/><\/a><\/p>\n<p><a href=\"http:\/\/gabrielats.es\/blog\/wp-content\/uploads\/2014\/02\/gtsminitartasanvalentin1.jpg\"><img loading=\"lazy\" decoding=\"async\" class=\"aligncenter size-medium wp-image-645\" src=\"http:\/\/gabrielats.es\/blog\/wp-content\/uploads\/2014\/02\/gtsminitartasanvalentin1-300x225.jpg\" alt=\"gtsminitartasanvalentin1\" width=\"300\" height=\"225\" srcset=\"http:\/\/gabrielats.es\/blog\/wp-content\/uploads\/2014\/02\/gtsminitartasanvalentin1-300x225.jpg 300w, http:\/\/gabrielats.es\/blog\/wp-content\/uploads\/2014\/02\/gtsminitartasanvalentin1-700x525.jpg 700w, http:\/\/gabrielats.es\/blog\/wp-content\/uploads\/2014\/02\/gtsminitartasanvalentin1-332x249.jpg 332w, http:\/\/gabrielats.es\/blog\/wp-content\/uploads\/2014\/02\/gtsminitartasanvalentin1.jpg 800w\" sizes=\"auto, (max-width: 300px) 100vw, 300px\" \/><\/a><\/p>\n<p>&nbsp;<\/p>\n","protected":false},"excerpt":{"rendered":"<p>\u00a1Hola a todos\/as! Os traigo la primera minitarta que he realizado. El queque lo hice siguiendo una receta que encontr\u00e9 por internet de como hacer un queque r\u00e1pido y en el microondas al que a\u00f1ad\u00ed cacao. Una vez fr\u00edo, lo desmolde, lo part\u00ed dos veces y lo rellen\u00e9 con buttercream de nutella. Por otro lado, [&hellip;]<\/p>\n","protected":false},"author":1,"featured_media":645,"comment_status":"open","ping_status":"closed","sticky":false,"template":"","format":"standard","meta":{"footnotes":""},"categories":[66],"tags":[69,25,39,31],"class_list":["post-654","post","type-post","status-publish","format-standard","has-post-thumbnail","hentry","category-blog","tag-buttercream","tag-postre","tag-queque","tag-tarta"],"_links":{"self":[{"href":"http:\/\/gabrielats.es\/blog\/wp-json\/wp\/v2\/posts\/654","targetHints":{"allow":["GET"]}}],"collection":[{"href":"http:\/\/gabrielats.es\/blog\/wp-json\/wp\/v2\/posts"}],"about":[{"href":"http:\/\/gabrielats.es\/blog\/wp-json\/wp\/v2\/types\/post"}],"author":[{"embeddable":true,"href":"http:\/\/gabrielats.es\/blog\/wp-json\/wp\/v2\/users\/1"}],"replies":[{"embeddable":true,"href":"http:\/\/gabrielats.es\/blog\/wp-json\/wp\/v2\/comments?post=654"}],"version-history":[{"count":3,"href":"http:\/\/gabrielats.es\/blog\/wp-json\/wp\/v2\/posts\/654\/revisions"}],"predecessor-version":[{"id":769,"href":"http:\/\/gabrielats.es\/blog\/wp-json\/wp\/v2\/posts\/654\/revisions\/769"}],"wp:featuredmedia":[{"embeddable":true,"href":"http:\/\/gabrielats.es\/blog\/wp-json\/wp\/v2\/media\/645"}],"wp:attachment":[{"href":"http:\/\/gabrielats.es\/blog\/wp-json\/wp\/v2\/media?parent=654"}],"wp:term":[{"taxonomy":"category","embeddable":true,"href":"http:\/\/gabrielats.es\/blog\/wp-json\/wp\/v2\/categories?post=654"},{"taxonomy":"post_tag","embeddable":true,"href":"http:\/\/gabrielats.es\/blog\/wp-json\/wp\/v2\/tags?post=654"}],"curies":[{"name":"wp","href":"https:\/\/api.w.org\/{rel}","templated":true}]}}