{"id":485,"date":"2014-05-13T15:33:43","date_gmt":"2014-05-13T14:33:43","guid":{"rendered":"http:\/\/gabrielats.es\/blog\/?p=485"},"modified":"2014-10-15T15:06:10","modified_gmt":"2014-10-15T14:06:10","slug":"adivinanzas","status":"publish","type":"post","link":"http:\/\/gabrielats.es\/blog\/2014\/05\/13\/adivinanzas\/","title":{"rendered":"Adivinanzas"},"content":{"rendered":"<p style=\"text-align: justify;\">Peque\u00f1o como una nuez,<\/p>\n<p>va por el monte y no tiene pies<\/p>\n<p>(el caracol)<\/p>\n<p>&nbsp;<\/p>\n<p>Mira que bonito, lo que est\u00e1 verde y luego se pone amarillo<\/p>\n<p>(las hojas del \u00e1rbol)<\/p>\n<p>&nbsp;<\/p>\n<p>Ni seta, ni caracol soy<\/p>\n<p>con la lluvia salgo,<\/p>\n<p>me escondo con el sol<\/p>\n<p>(el paraguas)<\/p>\n<p>&nbsp;<\/p>\n<p>Dicen que soy rey<\/p>\n<p>y no tengo reino,<\/p>\n<p>que soy rubio<\/p>\n<p>y no tengo pelo,<\/p>\n<p>dicen que ando<\/p>\n<p>y yo me estoy quieto,<\/p>\n<p>que hago funcionar relojes<\/p>\n<p>sin ser relojero<\/p>\n<p>(el sol)<\/p>\n<p>&nbsp;<\/p>\n<p>Adivina adivinanza<\/p>\n<p>tengo una gran escalera<\/p>\n<p>y manejo una manguera<\/p>\n<p>(el bombero)<\/p>\n<p>&nbsp;<\/p>\n<p>No te digo mi color<\/p>\n<p>que me pongo colorada<\/p>\n<p>gusta mucho mi sabor<\/p>\n<p>riquisima estoy con nata<\/p>\n<p>y algunos tambien me toman<\/p>\n<p>con zumo de naranja<\/p>\n<p>(la fresa)<\/p>\n<p>&nbsp;<\/p>\n<p>Por el camino va<\/p>\n<p>caminando el animal<\/p>\n<p>su nombre<\/p>\n<p>ya dicho esta<\/p>\n<p>lo puedes averiguar<\/p>\n<p>(la vaca)<\/p>\n<p>&nbsp;<\/p>\n<p>Tengo hojas y no soy \u00e1rbol<\/p>\n<p>y te hablo sin tener voz<\/p>\n<p>aunque me abras no me quejo<\/p>\n<p>adivina quien soy yo<\/p>\n<p>(el libro)<\/p>\n<p>&nbsp;<\/p>\n<p>&nbsp;<\/p>\n","protected":false},"excerpt":{"rendered":"<p>Peque\u00f1o como una nuez, va por el monte y no tiene pies (el caracol) &nbsp; Mira que bonito, lo que est\u00e1 verde y luego se pone amarillo (las hojas del \u00e1rbol) &nbsp; Ni seta, ni caracol soy con la lluvia salgo, me escondo con el sol (el paraguas) &nbsp; Dicen que soy rey y no [&hellip;]<\/p>\n","protected":false},"author":1,"featured_media":0,"comment_status":"closed","ping_status":"closed","sticky":false,"template":"","format":"standard","meta":{"footnotes":""},"categories":[66],"tags":[27,57,20],"class_list":["post-485","post","type-post","status-publish","format-standard","hentry","category-blog","tag-adolescencia","tag-educativo","tag-infantil"],"_links":{"self":[{"href":"http:\/\/gabrielats.es\/blog\/wp-json\/wp\/v2\/posts\/485","targetHints":{"allow":["GET"]}}],"collection":[{"href":"http:\/\/gabrielats.es\/blog\/wp-json\/wp\/v2\/posts"}],"about":[{"href":"http:\/\/gabrielats.es\/blog\/wp-json\/wp\/v2\/types\/post"}],"author":[{"embeddable":true,"href":"http:\/\/gabrielats.es\/blog\/wp-json\/wp\/v2\/users\/1"}],"replies":[{"embeddable":true,"href":"http:\/\/gabrielats.es\/blog\/wp-json\/wp\/v2\/comments?post=485"}],"version-history":[{"count":6,"href":"http:\/\/gabrielats.es\/blog\/wp-json\/wp\/v2\/posts\/485\/revisions"}],"predecessor-version":[{"id":719,"href":"http:\/\/gabrielats.es\/blog\/wp-json\/wp\/v2\/posts\/485\/revisions\/719"}],"wp:attachment":[{"href":"http:\/\/gabrielats.es\/blog\/wp-json\/wp\/v2\/media?parent=485"}],"wp:term":[{"taxonomy":"category","embeddable":true,"href":"http:\/\/gabrielats.es\/blog\/wp-json\/wp\/v2\/categories?post=485"},{"taxonomy":"post_tag","embeddable":true,"href":"http:\/\/gabrielats.es\/blog\/wp-json\/wp\/v2\/tags?post=485"}],"curies":[{"name":"wp","href":"https:\/\/api.w.org\/{rel}","templated":true}]}}