{"id":390,"date":"2012-12-03T09:00:15","date_gmt":"2012-12-03T09:00:15","guid":{"rendered":"http:\/\/gabrielats.es\/blog\/?p=390"},"modified":"2014-10-15T15:28:25","modified_gmt":"2014-10-15T14:28:25","slug":"ideas-para-celebrar-el-dia-de-la-familia-o-el-dia-intergeneracional-en-el-colegio","status":"publish","type":"post","link":"http:\/\/gabrielats.es\/blog\/2012\/12\/03\/ideas-para-celebrar-el-dia-de-la-familia-o-el-dia-intergeneracional-en-el-colegio\/","title":{"rendered":"Ideas para celebrar el d\u00eda de la familia o el d\u00eda intergeneracional en el colegio"},"content":{"rendered":"<p>\u00a1Hola a todos!<\/p>\n<p>Os traigo una propuesta para celebrar\u00a0el d\u00eda de la familia o el d\u00eda intergeneracional\u00a0en el colegio. \u00bfQu\u00e9 os parece trabajar a trav\u00e9s de un tema: \u201cLOS ABUELOS\u201d?<\/p>\n<p>Este tema lo podr\u00edamos trabajar en la programaci\u00f3n de religi\u00f3n o ciencias, o en ambas coordin\u00e1ndose entre s\u00ed los profesores.<\/p>\n<p>Podr\u00edamos realizar diferentes talleres, manualidades o incluso unidades did\u00e1cticas como por ejemplo:<\/p>\n<ul>\n<li>Realizar individualmente un \u00e1rbol geneal\u00f3gico de la familia hasta los abuelos, al ser posible con las fotos de los ni\u00f1os, padres y abuelos. Podemos introducir un poco de her\u00e1ldica o informaci\u00f3n sobre los apellidos, o de linaje o l\u00edneas de ombligo donde resaltamos la importancia de los abuelos, pues sin ellos no podr\u00edamos estar nosotros aqu\u00ed.<\/li>\n<li>Tambi\u00e9n, podemos realizar por clase un mural mosaico con fotos de los ni\u00f1os con sus abuelos a modo de cuadro gigante.<\/li>\n<\/ul>\n<p>&nbsp;<\/p>\n<p>Tan s\u00f3lo tenemos que utilizar nuestra imaginaci\u00f3n.<\/p>\n<p>&nbsp;<\/p>\n<p>&nbsp;<\/p>\n","protected":false},"excerpt":{"rendered":"<p>\u00a1Hola a todos! Os traigo una propuesta para celebrar\u00a0el d\u00eda de la familia o el d\u00eda intergeneracional\u00a0en el colegio. \u00bfQu\u00e9 os parece trabajar a trav\u00e9s de un tema: \u201cLOS ABUELOS\u201d? Este tema lo podr\u00edamos trabajar en la programaci\u00f3n de religi\u00f3n o ciencias, o en ambas coordin\u00e1ndose entre s\u00ed los profesores. Podr\u00edamos realizar diferentes talleres, manualidades [&hellip;]<\/p>\n","protected":false},"author":1,"featured_media":0,"comment_status":"open","ping_status":"closed","sticky":false,"template":"","format":"standard","meta":{"footnotes":""},"categories":[66],"tags":[27,47,20],"class_list":["post-390","post","type-post","status-publish","format-standard","hentry","category-blog","tag-adolescencia","tag-dias-especiales","tag-infantil"],"_links":{"self":[{"href":"http:\/\/gabrielats.es\/blog\/wp-json\/wp\/v2\/posts\/390","targetHints":{"allow":["GET"]}}],"collection":[{"href":"http:\/\/gabrielats.es\/blog\/wp-json\/wp\/v2\/posts"}],"about":[{"href":"http:\/\/gabrielats.es\/blog\/wp-json\/wp\/v2\/types\/post"}],"author":[{"embeddable":true,"href":"http:\/\/gabrielats.es\/blog\/wp-json\/wp\/v2\/users\/1"}],"replies":[{"embeddable":true,"href":"http:\/\/gabrielats.es\/blog\/wp-json\/wp\/v2\/comments?post=390"}],"version-history":[{"count":5,"href":"http:\/\/gabrielats.es\/blog\/wp-json\/wp\/v2\/posts\/390\/revisions"}],"predecessor-version":[{"id":743,"href":"http:\/\/gabrielats.es\/blog\/wp-json\/wp\/v2\/posts\/390\/revisions\/743"}],"wp:attachment":[{"href":"http:\/\/gabrielats.es\/blog\/wp-json\/wp\/v2\/media?parent=390"}],"wp:term":[{"taxonomy":"category","embeddable":true,"href":"http:\/\/gabrielats.es\/blog\/wp-json\/wp\/v2\/categories?post=390"},{"taxonomy":"post_tag","embeddable":true,"href":"http:\/\/gabrielats.es\/blog\/wp-json\/wp\/v2\/tags?post=390"}],"curies":[{"name":"wp","href":"https:\/\/api.w.org\/{rel}","templated":true}]}}