{"id":354,"date":"2012-11-28T09:00:18","date_gmt":"2012-11-28T09:00:18","guid":{"rendered":"http:\/\/gabrielats.es\/blog\/?p=354"},"modified":"2014-10-15T15:30:34","modified_gmt":"2014-10-15T14:30:34","slug":"ideas-para-celebrar-el-carnaval-en-el-cole-ii","status":"publish","type":"post","link":"http:\/\/gabrielats.es\/blog\/2012\/11\/28\/ideas-para-celebrar-el-carnaval-en-el-cole-ii\/","title":{"rendered":"Ideas para celebrar el carnaval en el cole (II)"},"content":{"rendered":"<p>\u00a1Hola a todos!<\/p>\n<p>Os traigo una propuesta para celebrar el carnaval en el colegio. \u00bfQu\u00e9 os parece trabajar a trav\u00e9s de un tema: \u00abEL CARNAVAL DE LAS MURGAS\u00bb?<\/p>\n<p>Este tema lo podr\u00edamos trabajar en la programaci\u00f3n de m\u00fasica o en la de lengua, o en ambas coordin\u00e1ndose entre s\u00ed los profesores.<\/p>\n<p>Podr\u00edamos realizar diferentes talleres, manualidades o incluso unidades did\u00e1cticas como por ejemplo:<\/p>\n<ul>\n<li>En primaria crear una canci\u00f3n y cantar a modo de murga con pitos o maracas construidas por los ni\u00f1os.<\/li>\n<li>En infantil una canci\u00f3n elegida por las profesoras.<\/li>\n<\/ul>\n<p>Tan s\u00f3lo tenemos que utilizar nuestra imaginaci\u00f3n. Se me ocurre a modo de ejemplo, utilizar las poes\u00edas o canciones que hayamos trabajado en el primer trimestre y modificarlas para adaptarlas a cosas que han pasado en el colegio. Otra opci\u00f3n ser\u00eda utilizar canciones que los ni\u00f1os conozcan como por ejemplo las canciones de \u00abMiliki\u00bb y as\u00ed de paso le hacemos un gran homenaje.<\/p>\n<p>&nbsp;<\/p>\n<p>Recuerdo un a\u00f1o en el que nos hicimos un disfraz de m\u00f3vil. Os dejo con algunas estrofas de canciones que cantamos y adaptamos en el colegio mis compa\u00f1eros, profesores y yo por entonces:<\/p>\n<p>&nbsp;<\/p>\n<blockquote><p>Mami los profes est\u00e1n nerviosos<\/p>\n<p>quieren hablar contigo<\/p>\n<p>no s\u00e9 pa&#8217;que ser\u00e1.<\/p>\n<p>Mami que ser\u00e1 lo que quieren los profes<\/p>\n<p>mami no s\u00e9 lo que ellos querr\u00e1n. (bis)<\/p><\/blockquote>\n<p>&nbsp;<\/p>\n<blockquote><p>1, 2, 3, un pasito pa&#8217;lante mi clase<\/p>\n<p>1, 2, 3, un pasito pa&#8217;tr\u00e1s<\/p>\n<p>1, 2, 3, esta a\u00f1o va el carnaval \u00abm\u00f3vil\u00bb<\/p>\n<p>1, 2, 3, este a\u00f1o hay que aprobar<\/p><\/blockquote>\n<p>&nbsp;<\/p>\n<blockquote><p>Si tu quieres aprobar<\/p>\n<p>este a\u00f1o de verdad<\/p>\n<p>ten un poco de inter\u00e9s<\/p>\n<p>ponte las pilas de una vez<\/p><\/blockquote>\n<p>&nbsp;<\/p>\n<blockquote><p>tu, tu, tutu, tututu<\/p>\n<p>tu, tu, tutu, tutu (con el pito)<\/p>\n<p>Sardinita del cole<\/p>\n<p>ya te van a quemar<\/p>\n<p>porque ya ha terminado<\/p>\n<p>nuestro gran carnaval<\/p>\n<p>tu, tu, tutu, tututu<\/p>\n<p>tu, tu, tutu, tutu (con el pito)<\/p>\n<p>t\u00fa naciste en Visvique<\/p>\n<p>y en la cancha morir\u00e1s<\/p>\n<p>te acompa\u00f1aremos todos<\/p>\n<p>hasta el final<\/p>\n<p>tu, tu, tutu, tututu<\/p>\n<p>tu, tu, tutu, tutu (con el pito)<\/p><\/blockquote>\n<p>&nbsp;<\/p>\n","protected":false},"excerpt":{"rendered":"<p>\u00a1Hola a todos! Os traigo una propuesta para celebrar el carnaval en el colegio. \u00bfQu\u00e9 os parece trabajar a trav\u00e9s de un tema: \u00abEL CARNAVAL DE LAS MURGAS\u00bb? Este tema lo podr\u00edamos trabajar en la programaci\u00f3n de m\u00fasica o en la de lengua, o en ambas coordin\u00e1ndose entre s\u00ed los profesores. Podr\u00edamos realizar diferentes talleres, [&hellip;]<\/p>\n","protected":false},"author":1,"featured_media":0,"comment_status":"open","ping_status":"closed","sticky":false,"template":"","format":"standard","meta":{"footnotes":""},"categories":[66],"tags":[43,42,26],"class_list":["post-354","post","type-post","status-publish","format-standard","hentry","category-blog","tag-carnaval","tag-disfraz","tag-manualidad"],"_links":{"self":[{"href":"http:\/\/gabrielats.es\/blog\/wp-json\/wp\/v2\/posts\/354","targetHints":{"allow":["GET"]}}],"collection":[{"href":"http:\/\/gabrielats.es\/blog\/wp-json\/wp\/v2\/posts"}],"about":[{"href":"http:\/\/gabrielats.es\/blog\/wp-json\/wp\/v2\/types\/post"}],"author":[{"embeddable":true,"href":"http:\/\/gabrielats.es\/blog\/wp-json\/wp\/v2\/users\/1"}],"replies":[{"embeddable":true,"href":"http:\/\/gabrielats.es\/blog\/wp-json\/wp\/v2\/comments?post=354"}],"version-history":[{"count":10,"href":"http:\/\/gabrielats.es\/blog\/wp-json\/wp\/v2\/posts\/354\/revisions"}],"predecessor-version":[{"id":748,"href":"http:\/\/gabrielats.es\/blog\/wp-json\/wp\/v2\/posts\/354\/revisions\/748"}],"wp:attachment":[{"href":"http:\/\/gabrielats.es\/blog\/wp-json\/wp\/v2\/media?parent=354"}],"wp:term":[{"taxonomy":"category","embeddable":true,"href":"http:\/\/gabrielats.es\/blog\/wp-json\/wp\/v2\/categories?post=354"},{"taxonomy":"post_tag","embeddable":true,"href":"http:\/\/gabrielats.es\/blog\/wp-json\/wp\/v2\/tags?post=354"}],"curies":[{"name":"wp","href":"https:\/\/api.w.org\/{rel}","templated":true}]}}