{"id":149,"date":"2012-07-08T13:21:53","date_gmt":"2012-07-08T12:21:53","guid":{"rendered":"http:\/\/gabrielats.es\/blog\/?p=149"},"modified":"2014-10-15T15:37:52","modified_gmt":"2014-10-15T14:37:52","slug":"no-te-vayas","status":"publish","type":"post","link":"http:\/\/gabrielats.es\/blog\/2012\/07\/08\/no-te-vayas\/","title":{"rendered":"No te vayas"},"content":{"rendered":"<p>Anoche tuve un sue\u00f1o<\/p>\n<p>un sue\u00f1o extra\u00f1o<\/p>\n<p>que me asust\u00f3.<\/p>\n<p>&nbsp;<\/p>\n<p>T\u00fa te ibas lejos<\/p>\n<p>lejos de mi lado<\/p>\n<p>y de mi coraz\u00f3n.<\/p>\n<p>&nbsp;<\/p>\n<p>Todos me dec\u00edan<\/p>\n<p>dec\u00edan que t\u00fa me amabas<\/p>\n<p>y yo siempre lo negaba.<\/p>\n<p>&nbsp;<\/p>\n<p>Ahora me doy cuenta<\/p>\n<p>cuenta de que yo<\/p>\n<p>tambi\u00e9n te amaba.<\/p>\n<p>&nbsp;<\/p>\n<p>Quisiera pedirte<\/p>\n<p>pedirte que no te marcharas<\/p>\n<p>y que tampoco me dejaras.<\/p>\n<p>&nbsp;<\/p>\n<p>Todas las fechas que ve\u00eda<\/p>\n<p>ve\u00eda que todas te se\u00f1alaban<\/p>\n<p>y que t\u00fa eras a qui\u00e9n yo amaba.<\/p>\n<p>&nbsp;<\/p>\n<p>Te pido perd\u00f3n<\/p>\n<p>perd\u00f3n por no dec\u00edrtelo antes<\/p>\n<p>y ahora seguro que ya es tarde.<\/p>\n<p>&nbsp;<\/p>\n<p>\u00a1Ay, vida m\u00eda! \u00bfQu\u00e9 hago yo ahora?<\/p>\n<p>ahora y siempre por ti he suspirado<\/p>\n<p>y no puedo olvidarlo.<\/p>\n<p>&nbsp;<\/p>\n<p>Ser\u00e9 ego\u00edsta pero quiero que vuelvas<\/p>\n<p>que vuelvas conmigo<\/p>\n<p>y que siempre nos amemos.<\/p>\n<p>&nbsp;<\/p>\n<p>Te quiero vida m\u00eda<\/p>\n<p>m\u00eda de noche y de d\u00eda<\/p>\n<p>mi pr\u00edncipe azul de ni\u00f1a.<\/p>\n<p>&nbsp;<\/p>\n<p style=\"text-align: right;\">(escrito el 3 de noviembre de 2000)<\/p>\n<p style=\"text-align: right;\">\n","protected":false},"excerpt":{"rendered":"<p>Anoche tuve un sue\u00f1o un sue\u00f1o extra\u00f1o que me asust\u00f3. &nbsp; T\u00fa te ibas lejos lejos de mi lado y de mi coraz\u00f3n. &nbsp; Todos me dec\u00edan dec\u00edan que t\u00fa me amabas y yo siempre lo negaba. &nbsp; Ahora me doy cuenta cuenta de que yo tambi\u00e9n te amaba. &nbsp; Quisiera pedirte pedirte que no [&hellip;]<\/p>\n","protected":false},"author":1,"featured_media":0,"comment_status":"open","ping_status":"closed","sticky":false,"template":"","format":"standard","meta":{"footnotes":""},"categories":[66],"tags":[22,21],"class_list":["post-149","post","type-post","status-publish","format-standard","hentry","category-blog","tag-amor","tag-poesia"],"_links":{"self":[{"href":"http:\/\/gabrielats.es\/blog\/wp-json\/wp\/v2\/posts\/149","targetHints":{"allow":["GET"]}}],"collection":[{"href":"http:\/\/gabrielats.es\/blog\/wp-json\/wp\/v2\/posts"}],"about":[{"href":"http:\/\/gabrielats.es\/blog\/wp-json\/wp\/v2\/types\/post"}],"author":[{"embeddable":true,"href":"http:\/\/gabrielats.es\/blog\/wp-json\/wp\/v2\/users\/1"}],"replies":[{"embeddable":true,"href":"http:\/\/gabrielats.es\/blog\/wp-json\/wp\/v2\/comments?post=149"}],"version-history":[{"count":8,"href":"http:\/\/gabrielats.es\/blog\/wp-json\/wp\/v2\/posts\/149\/revisions"}],"predecessor-version":[{"id":761,"href":"http:\/\/gabrielats.es\/blog\/wp-json\/wp\/v2\/posts\/149\/revisions\/761"}],"wp:attachment":[{"href":"http:\/\/gabrielats.es\/blog\/wp-json\/wp\/v2\/media?parent=149"}],"wp:term":[{"taxonomy":"category","embeddable":true,"href":"http:\/\/gabrielats.es\/blog\/wp-json\/wp\/v2\/categories?post=149"},{"taxonomy":"post_tag","embeddable":true,"href":"http:\/\/gabrielats.es\/blog\/wp-json\/wp\/v2\/tags?post=149"}],"curies":[{"name":"wp","href":"https:\/\/api.w.org\/{rel}","templated":true}]}}