{"id":125,"date":"2012-07-04T10:48:57","date_gmt":"2012-07-04T09:48:57","guid":{"rendered":"http:\/\/gabrielats.es\/blog\/?p=125"},"modified":"2014-10-15T15:42:59","modified_gmt":"2014-10-15T14:42:59","slug":"no-conozco-el-por-que-de-las-cosas","status":"publish","type":"post","link":"http:\/\/gabrielats.es\/blog\/2012\/07\/04\/no-conozco-el-por-que-de-las-cosas\/","title":{"rendered":"No conozco el por qu\u00e9 de las cosas"},"content":{"rendered":"<p>Que extra\u00f1a es la vida a veces, sobretodo para una adolescente como yo, que a\u00fan no sabe qu\u00e9 es o donde est\u00e1. Una adolescente como yo, que teme a lo que no conoce, a lo nuevo; pero que a la vez odia lo mon\u00f3tono y siempre desea conocer cosas nuevas. S\u00ed, que desconcertante es para una chica como yo no saber donde se encuentra.<\/p>\n<p>&nbsp;<\/p>\n<p>Qu\u00e9 se espera de m\u00ed, no lo s\u00e9. A d\u00f3nde ir\u00e9, no lo se. D\u00f3nde estar\u00e9, tampoco me lo imagino. Puede que sue\u00f1e estar en mil lugares, todo ellos diferentes y con distintos aromas y sentimientos, pero cuando creo estar en alguno de ellos me doy cuenta que no es mi lugar y mucho peor, es que no me veo en otro lugar que no sea este, mi hogar. Dicen que los recuerdos se llevan en el alma y en el coraz\u00f3n, pero como sobrevivir sin su calor, sin sus olores, sin sus cuerpos visibles por m\u00ed. cuando a la mente me viene im\u00e1genes de seres inertes, de seres que yo, en alg\u00fan lugar de mi vida he amado o querido&#8230; No lo soporto. No soporto la simple idea de saber que los que ahora se encuentran a mi lado, alg\u00fan d\u00eda ya no estar\u00e1n, y que no podr\u00e9 gozar m\u00e1s de sus compa\u00f1\u00edas. No veo la manera de seguir hacia delante y, tampoco como continuar enfrent\u00e1ndome con un mundo que poco a poco se va consumiendo y que a los dem\u00e1s no les importa. Los sentimientos puros que existieron, ya muy pocos los recuerdan. Es duro, pero cierto.<\/p>\n<p>&nbsp;<\/p>\n<p>Supongo que esto que ahora me desconcierta tanto, tendr\u00e1 su soluci\u00f3n en el momento en el que me toque volver a\u00a0vivirlo. Puede que el que dijo que en realidad no aprendemos cosas nuevas sino que vamos record\u00e1ndolas, quiz\u00e1s tuviese raz\u00f3n o quiz\u00e1s no, pero no creo que decir quien la tiene o no, sea algo relevante o importante. Creo que al final nadie tiene raz\u00f3n, que tan s\u00f3lo se enga\u00f1an para seguir viviendo y para no enfrentarse a sus temores.<\/p>\n<p>&nbsp;<\/p>\n<p>Yo reconozco que los m\u00edos son muchos, pero huyendo no saco nada. Qu\u00e9 har\u00e9, d\u00f3nde estar\u00e9, qu\u00e9 o qui\u00e9n ser\u00e9, quien lo sabe&#8230; nadie \u00bfverdad? Tan s\u00f3lo s\u00e9, que por el momento, he sido una chica normal como otra cualquiera. Y como ser\u00e9 ya lo sabr\u00e9 cuando llegue su tiempo. Por ahora seguir\u00e9 aferr\u00e1ndome a \u00a0todo aquello que quiero y que me quiere, y seguir\u00e9 luchando por mis ideales como hasta hoy he hecho.<\/p>\n<p>&nbsp;<\/p>\n<p>Cambiar o no cambiar, puede que sea bueno o que no lo sea, pero eso s\u00f3lo depende de uno y de c\u00f3mo se sienta.<\/p>\n<p>&nbsp;<\/p>\n<p style=\"text-align: right;\">(escrito el 11 de noviembre de 2001)<\/p>\n<p style=\"text-align: right;\">\n","protected":false},"excerpt":{"rendered":"<p>Que extra\u00f1a es la vida a veces, sobretodo para una adolescente como yo, que a\u00fan no sabe qu\u00e9 es o donde est\u00e1. Una adolescente como yo, que teme a lo que no conoce, a lo nuevo; pero que a la vez odia lo mon\u00f3tono y siempre desea conocer cosas nuevas. S\u00ed, que desconcertante es para [&hellip;]<\/p>\n","protected":false},"author":1,"featured_media":0,"comment_status":"open","ping_status":"closed","sticky":false,"template":"","format":"standard","meta":{"footnotes":""},"categories":[66],"tags":[],"class_list":["post-125","post","type-post","status-publish","format-standard","hentry","category-blog"],"_links":{"self":[{"href":"http:\/\/gabrielats.es\/blog\/wp-json\/wp\/v2\/posts\/125","targetHints":{"allow":["GET"]}}],"collection":[{"href":"http:\/\/gabrielats.es\/blog\/wp-json\/wp\/v2\/posts"}],"about":[{"href":"http:\/\/gabrielats.es\/blog\/wp-json\/wp\/v2\/types\/post"}],"author":[{"embeddable":true,"href":"http:\/\/gabrielats.es\/blog\/wp-json\/wp\/v2\/users\/1"}],"replies":[{"embeddable":true,"href":"http:\/\/gabrielats.es\/blog\/wp-json\/wp\/v2\/comments?post=125"}],"version-history":[{"count":10,"href":"http:\/\/gabrielats.es\/blog\/wp-json\/wp\/v2\/posts\/125\/revisions"}],"predecessor-version":[{"id":764,"href":"http:\/\/gabrielats.es\/blog\/wp-json\/wp\/v2\/posts\/125\/revisions\/764"}],"wp:attachment":[{"href":"http:\/\/gabrielats.es\/blog\/wp-json\/wp\/v2\/media?parent=125"}],"wp:term":[{"taxonomy":"category","embeddable":true,"href":"http:\/\/gabrielats.es\/blog\/wp-json\/wp\/v2\/categories?post=125"},{"taxonomy":"post_tag","embeddable":true,"href":"http:\/\/gabrielats.es\/blog\/wp-json\/wp\/v2\/tags?post=125"}],"curies":[{"name":"wp","href":"https:\/\/api.w.org\/{rel}","templated":true}]}}