{"id":1043,"date":"2020-03-25T11:36:37","date_gmt":"2020-03-25T11:36:37","guid":{"rendered":"http:\/\/gabrielats.es\/blog\/?p=1043"},"modified":"2020-03-25T19:07:28","modified_gmt":"2020-03-25T19:07:28","slug":"bitacora-de-una-aprendiz-dua-%c2%b7-mis-expectativas-sobre-el-barco","status":"publish","type":"post","link":"http:\/\/gabrielats.es\/blog\/2020\/03\/25\/bitacora-de-una-aprendiz-dua-%c2%b7-mis-expectativas-sobre-el-barco\/","title":{"rendered":"Bit\u00e1cora de una aprendiz DUA .\u00b7. Mis expectativas sobre el barco"},"content":{"rendered":"<p style=\"text-align: justify;\">\u00a1Hola a todos!<\/p>\n<p style=\"text-align: justify;\">Nuestro capit\u00e1n nos ha pedido que le digamos cuales son nuestras expectativas sobre el barco. Cuando decid\u00ed unirme a la tripulaci\u00f3n del <strong>barco \u00abDise\u00f1o Universal de Aprendizaje\u00bb<\/strong>, fue un momento dif\u00edcil, para m\u00ed, en el puerto hab\u00edan muchos barcos interesantes que ped\u00edan piratas deseosos por aprender. Barcos como \u00abPr\u00e1cticas educativas inclusivas para el alumnado con trastorno del espectro del autismo (TEA)\u00bb, o \u00abEl portafolio educativo como instrumento de aprendizaje y evaluaci\u00f3n\u00bb; e incluso \u00abCreatividad, dise\u00f1o y aprendizaje mediante retos\u00bb; entre muchos m\u00e1s, todos igual de interesantes. Al pensar en ello, he vuelto a ese momento en el puerto; imaginaos un atardecer, de estos que te cortan la respiraci\u00f3n, con sus tonos carmes\u00edes y dorados, una pasarela larga, en direcci\u00f3n al mismo horizonte, y barcos atracados a ambos lados de la misma, barcos que promet\u00edan aventuras y misiones tan grandiosas que resultaban dif\u00edcil negarse, todas ellas para aquellos piratas valientes que se atrevieran a surcar los mares del saber, para aquellos que quieren dejar sus nombres escritos en los libros de historias y en los romances y leyendas que se trasmiten entre generaci\u00f3n y generaci\u00f3n, para aquellos que ven un mundo diferente y que conocen el poder de las palabras, de los n\u00fameros y del arte&#8230; \u00a1Rayos y truenos! Se me han vuelto a poner los pelos de punta al recordar ese d\u00eda; y no es para menos. Ten\u00eda que elegir s\u00f3lo un barco y esperar durante largos d\u00edas si me eleg\u00edan o no. Siendo sincera, tem\u00ed quedarme en puerto, pues grandes piratas, de renombre tambi\u00e9n se presentaron&#8230; En fin, ya sab\u00e9is cual fue el resultado, <strong>\u00a1aqu\u00ed estoy!<\/strong><\/p>\n<p style=\"text-align: justify;\">Los que me segu\u00eds hace un tiempo sab\u00e9is que yo busco aquellos cofres de tesoro que rebosan de conocimientos, habilidades, estrategias, metodolog\u00edas&#8230; Bueno, vale, si encuentro alg\u00fan cofre lleno de dinero y joyas, pues tambi\u00e9n me lo quedo; pero no son los que verdaderamente me quitan el sue\u00f1o. Es por ello, que finalmente eleg\u00ed el barco \u00abDise\u00f1o Universal de Aprendizaje\u00bb, pues cuando era peque\u00f1a so\u00f1aba con un lenguaje com\u00fan para todos, pensaba que uno gestual ser\u00eda el ideal, pero luego fui creciendo y descubr\u00ed una diversidad enorme de personas, personas con deficiencias f\u00edsicas y sensoriales; algunas incluso con mentales. Pero no se me quitaba de la cabeza, que yo podr\u00eda crear algo que pudiera ayudarnos a todos, y fue as\u00ed, como poco a poco comenc\u00e9 a navegar por <strong>los mares del saber y los cielos de las emociones<\/strong>; como empec\u00e9 a coleccionar cofres del tesoro llenos de conocimientos tan maravillosos que parecen m\u00e1gicos. As\u00ed que cuando le\u00ed esas palabras en el casco de aquel barco, aquel d\u00eda, no me lo pod\u00eda creer&#8230; Un Dise\u00f1o Universal de Aprendizaje, dise\u00f1ar el aprendizaje de nuestras aulas para todo nuestro alumnado, dise\u00f1ar un aprendizaje para toda nuestra comunidad educativa, dise\u00f1ar un aprendizaje universal con todas las inteligencias, un aprendizaje de todos para todos&#8230; como ven, mi mente se puso a so\u00f1ar sola, y yo la acompa\u00f1\u00e9 con mi coraz\u00f3n durante unos minutos. Cuando volv\u00ed al presente, me puse a buscar m\u00e1s informaci\u00f3n sobre ese nuevo saber, me enamor\u00f3, y por eso me present\u00e9 como parte de la tripulaci\u00f3n. Mis expectativas no son otras que aprender a dise\u00f1ar el aprendizaje de forma inclusiva, un aprendizaje universal para todo el alumnado maravilloso que hay en mi aula, en mi centro, en mi vida, en mi mundo&#8230; \u00a1Y estoy segura que lo conseguir\u00e9 en esta traves\u00eda!<\/p>\n<p style=\"text-align: justify;\">Os dej\u00f3 <span style=\"text-decoration: underline;\"><em><a href=\"https:\/\/emtic.educarex.es\/224-nuevo-emt\/atencion-a-la-diversidad\/3020-diseno-universal-para-el-aprendizaje-porque-todos-somos-todos\" target=\"_blank\" rel=\"noopener\">aqu\u00ed<\/a><\/em><\/span> una entrada del EMTIC de la Junta de Extremadura que explica bastante bien que es el DUA, y su necesidad, pues estoy segura, de que tambi\u00e9n os gustar\u00eda estar conmigo en este barco; pero s\u00f3lo hemos podido estar unos pocos elegidos; as\u00ed que os ir\u00e9 contando en esta bit\u00e1cora todo lo que pueda.<\/p>\n<p style=\"text-align: justify;\">Me despido hasta la pr\u00f3xima misi\u00f3n.<\/p>\n<p style=\"text-align: justify;\">Gabriela. Arrr!<\/p>\n<p>&nbsp;<\/p>\n","protected":false},"excerpt":{"rendered":"<p>\u00a1Hola a todos! Nuestro capit\u00e1n nos ha pedido que le digamos cuales son nuestras expectativas sobre el barco. Cuando decid\u00ed unirme a la tripulaci\u00f3n del barco \u00abDise\u00f1o Universal de Aprendizaje\u00bb, fue un momento dif\u00edcil, para m\u00ed, en el puerto hab\u00edan muchos barcos interesantes que ped\u00edan piratas deseosos por aprender. Barcos como \u00abPr\u00e1cticas educativas inclusivas para [&hellip;]<\/p>\n","protected":false},"author":1,"featured_media":0,"comment_status":"closed","ping_status":"open","sticky":false,"template":"","format":"standard","meta":{"footnotes":""},"categories":[119],"tags":[120],"class_list":["post-1043","post","type-post","status-publish","format-standard","hentry","category-dua_intef","tag-dua_intef"],"_links":{"self":[{"href":"http:\/\/gabrielats.es\/blog\/wp-json\/wp\/v2\/posts\/1043","targetHints":{"allow":["GET"]}}],"collection":[{"href":"http:\/\/gabrielats.es\/blog\/wp-json\/wp\/v2\/posts"}],"about":[{"href":"http:\/\/gabrielats.es\/blog\/wp-json\/wp\/v2\/types\/post"}],"author":[{"embeddable":true,"href":"http:\/\/gabrielats.es\/blog\/wp-json\/wp\/v2\/users\/1"}],"replies":[{"embeddable":true,"href":"http:\/\/gabrielats.es\/blog\/wp-json\/wp\/v2\/comments?post=1043"}],"version-history":[{"count":6,"href":"http:\/\/gabrielats.es\/blog\/wp-json\/wp\/v2\/posts\/1043\/revisions"}],"predecessor-version":[{"id":1051,"href":"http:\/\/gabrielats.es\/blog\/wp-json\/wp\/v2\/posts\/1043\/revisions\/1051"}],"wp:attachment":[{"href":"http:\/\/gabrielats.es\/blog\/wp-json\/wp\/v2\/media?parent=1043"}],"wp:term":[{"taxonomy":"category","embeddable":true,"href":"http:\/\/gabrielats.es\/blog\/wp-json\/wp\/v2\/categories?post=1043"},{"taxonomy":"post_tag","embeddable":true,"href":"http:\/\/gabrielats.es\/blog\/wp-json\/wp\/v2\/tags?post=1043"}],"curies":[{"name":"wp","href":"https:\/\/api.w.org\/{rel}","templated":true}]}}