{"id":1030,"date":"2019-10-03T16:10:42","date_gmt":"2019-10-03T15:10:42","guid":{"rendered":"http:\/\/gabrielats.es\/blog\/?p=1030"},"modified":"2019-10-03T16:10:42","modified_gmt":"2019-10-03T15:10:42","slug":"bitacora-de-una-aprendiz-creadora-de-recursos-%c2%b7-mis-expectativas","status":"publish","type":"post","link":"http:\/\/gabrielats.es\/blog\/2019\/10\/03\/bitacora-de-una-aprendiz-creadora-de-recursos-%c2%b7-mis-expectativas\/","title":{"rendered":"Bit\u00e1cora de una aprendiz creadora de recursos .\u00b7. Mis expectativas"},"content":{"rendered":"<p style=\"text-align: justify; background: white; margin: 0cm 0cm 7.5pt 0cm;\"><span style=\"font-size: 10.5pt; font-family: 'Arial','sans-serif'; color: #354d60;\">\u00a1Hola a todos!<\/span><\/p>\n<p id=\"yui_3_17_2_1_1570104824448_1211\" style=\"text-align: justify; background: white; font-variant-ligatures: normal; font-variant-caps: normal; orphans: 2; widows: 2; -webkit-text-stroke-width: 0px; text-decoration-style: initial; text-decoration-color: initial; word-spacing: 0px; margin: 0cm 0cm 7.5pt 0cm;\"><span style=\"font-size: 10.5pt; font-family: 'Arial','sans-serif'; color: #354d60;\"><br id=\"yui_3_17_2_1_1570104824448_4603\" \/>Esta es mi segunda traves\u00eda a trav\u00e9s de los cruceros de formaci\u00f3n que el\u00a0<a id=\"yui_3_17_2_1_1570104824448_4604\" href=\"https:\/\/intef.es\/\" target=\"_blank\" rel=\"noopener\"><span style=\"color: #007691;\">INTEF<\/span><\/a>\u00a0(Instituto Nacional de Tecnolog\u00edas Educativas y Formaci\u00f3n del profesorado) ofrece a los profesores y maestros. Mi primer viaje fue con el barco llamado: &lt;&lt;<b>De espectadores a creadores. El fen\u00f3meno Profetubers en Educaci\u00f3n<\/b>&gt;&gt;; a cargo del capit\u00e1n\u00a0<b id=\"yui_3_17_2_1_1570104824448_1228\">Ezequiel Garc\u00eda Navarro (@ezequielgn)<\/b>. Si os enter\u00e1is de que anda buscando tripulaci\u00f3n, no dud\u00e9is en apuntaos a su aventura, pues estoy segura de que os encantar\u00e1 el viaje tanto como a m\u00ed.<\/span><\/p>\n<p id=\"yui_3_17_2_1_1570104824448_1237\" style=\"text-align: justify; background: white; font-variant-ligatures: normal; font-variant-caps: normal; orphans: 2; widows: 2; -webkit-text-stroke-width: 0px; text-decoration-style: initial; text-decoration-color: initial; word-spacing: 0px; margin: 0cm 0cm 7.5pt 0cm;\"><span style=\"font-size: 10.5pt; font-family: 'Arial','sans-serif'; color: #354d60;\">Actualmente, ando navegando en el barco &lt;&lt;<b id=\"yui_3_17_2_1_1570104824448_1311\">Creaci\u00f3n de Recursos Educativos Abiertos \u00a0(REA) para la Ense\u00f1anza<\/b>&gt;&gt;; por lo que he aprendido hasta ahora, el nombre de la embarcaci\u00f3n REA se refiere a materiales de ense\u00f1anza, aprendizaje e investigaci\u00f3n en cualquier soporte, que sean de dominio p\u00fablico o que hayan sido publicados con una licencia abierta que permita el acceso gratuito a esos materiales, as\u00ed como su uso, adaptaci\u00f3n y redistribuci\u00f3n por otros sin ninguna restricci\u00f3n o con restricciones limitadas. Y como era de esperar, mi capitana\u00a0<b id=\"yui_3_17_2_1_1570104824448_1344\">Berta Martinez Perez (@bertamares)<\/b>, ya me ha encomendado mi primera misi\u00f3n: debo comentarle cuales son mis expectativas acerca de este viaje.<\/span><\/p>\n<p id=\"yui_3_17_2_1_1570104824448_1569\" style=\"text-align: justify; background: white; font-variant-ligatures: normal; font-variant-caps: normal; orphans: 2; widows: 2; -webkit-text-stroke-width: 0px; text-decoration-style: initial; text-decoration-color: initial; word-spacing: 0px; margin: 0cm 0cm 7.5pt 0cm;\"><b id=\"yui_3_17_2_1_1570104824448_4716\"><u id=\"yui_3_17_2_1_1570104824448_4789\"><span style=\"font-size: 10.5pt; font-family: 'Arial','sans-serif'; color: #354d60;\">MISI\u00d3N (tarea) 0.1<\/span><\/u><\/b><span style=\"font-size: 10.5pt; font-family: 'Arial','sans-serif'; color: #354d60;\">.: Lo primero que deb\u00e9is saber, es que soy maestra de apoyo a las NEAE (Necesidades Espec\u00edficas de Apoyo Educativo); como profesional de esta rama, es necesario conocer el mayor n\u00famero posible de recursos educativos que podamos, pues en los centros educativos somos un ba\u00fal de recursos para toda la Comunidad Educativa (alumnos, profesores o maestros y para las familias). Es por ello, que cuando me enter\u00e9 que el INTEF hab\u00eda contratado este nuevo barco, no pude resistirme a subirme en \u00e9l, porque en este viaje espero crear REA (Recursos Educativos Abiertos); as\u00ed como tambi\u00e9n aprender un m\u00e9todo de organizaci\u00f3n de los mismos; dado que en la actualidad, existen un sinf\u00edn de recursos y, ese ba\u00fal del que os hablaba, se nos desborda y se convierte en un caj\u00f3n del desastre o una caja de Pandora. Tambi\u00e9n, quisiera aprender a crear nuevos recursos sin estar cometiendo ning\u00fan delito; saber d\u00f3nde est\u00e1 el l\u00edmite; pues todos usamos bombillas en nuestros hogares pero no las tenemos etiquetadas con su creador, vienen con la marca de su fabricante, pero este no cita al primer creador de una bombilla. Pues esto \u00faltimo me frena muchas veces a la hora de compartir con el resto del gremio. Estoy segura de que este viaje ser\u00e1 inolvidable.<\/span><\/p>\n<p id=\"yui_3_17_2_1_1570104824448_4620\" style=\"text-align: justify; background: white; font-variant-ligatures: normal; font-variant-caps: normal; orphans: 2; widows: 2; -webkit-text-stroke-width: 0px; text-decoration-style: initial; text-decoration-color: initial; word-spacing: 0px; margin: 0cm 0cm 7.5pt 0cm;\"><span style=\"font-size: 10.5pt; font-family: 'Arial','sans-serif'; color: #354d60;\">Me despido hasta la pr\u00f3xima aventura.<\/span><\/p>\n<p id=\"yui_3_17_2_1_1570104824448_2202\" style=\"text-align: justify; background: white; font-variant-ligatures: normal; font-variant-caps: normal; orphans: 2; widows: 2; -webkit-text-stroke-width: 0px; text-decoration-style: initial; text-decoration-color: initial; word-spacing: 0px; margin: 0cm 0cm 7.5pt 0cm;\"><span style=\"font-size: 10.5pt; font-family: 'Arial','sans-serif'; color: #354d60;\">Gabriela. Arrr!<\/span><\/p>\n<p id=\"yui_3_17_2_1_1570104824448_2202\" style=\"text-align: justify; background: white; font-variant-ligatures: normal; font-variant-caps: normal; orphans: 2; widows: 2; -webkit-text-stroke-width: 0px; text-decoration-style: initial; text-decoration-color: initial; word-spacing: 0px; margin: 0cm 0cm 7.5pt 0cm;\"><span style=\"font-size: 10.5pt; font-family: 'Arial','sans-serif'; color: #354d60;\">\u00a0<\/span><\/p>\n<p id=\"yui_3_17_2_1_1570104824448_2202\" style=\"text-align: justify; background: white; font-variant-ligatures: normal; font-variant-caps: normal; orphans: 2; widows: 2; -webkit-text-stroke-width: 0px; text-decoration-style: initial; text-decoration-color: initial; word-spacing: 0px; margin: 0cm 0cm 7.5pt 0cm;\"><span style=\"font-size: 10.5pt; font-family: 'Arial','sans-serif'; color: #354d60;\">P.D.: Disculpar el retraso en completar la misi\u00f3n, pero en septiembre las mareas est\u00e1n horribles y cuesta adaptarse al barco \ud83d\ude09<\/span><\/p>\n","protected":false},"excerpt":{"rendered":"<p>\u00a1Hola a todos! Esta es mi segunda traves\u00eda a trav\u00e9s de los cruceros de formaci\u00f3n que el\u00a0INTEF\u00a0(Instituto Nacional de Tecnolog\u00edas Educativas y Formaci\u00f3n del profesorado) ofrece a los profesores y maestros. Mi primer viaje fue con el barco llamado: &lt;&lt;De espectadores a creadores. El fen\u00f3meno Profetubers en Educaci\u00f3n&gt;&gt;; a cargo del capit\u00e1n\u00a0Ezequiel Garc\u00eda Navarro (@ezequielgn). [&hellip;]<\/p>\n","protected":false},"author":1,"featured_media":0,"comment_status":"closed","ping_status":"open","sticky":false,"template":"","format":"standard","meta":{"footnotes":""},"categories":[117],"tags":[118],"class_list":["post-1030","post","type-post","status-publish","format-standard","hentry","category-rea_intef","tag-rea_intef"],"_links":{"self":[{"href":"http:\/\/gabrielats.es\/blog\/wp-json\/wp\/v2\/posts\/1030","targetHints":{"allow":["GET"]}}],"collection":[{"href":"http:\/\/gabrielats.es\/blog\/wp-json\/wp\/v2\/posts"}],"about":[{"href":"http:\/\/gabrielats.es\/blog\/wp-json\/wp\/v2\/types\/post"}],"author":[{"embeddable":true,"href":"http:\/\/gabrielats.es\/blog\/wp-json\/wp\/v2\/users\/1"}],"replies":[{"embeddable":true,"href":"http:\/\/gabrielats.es\/blog\/wp-json\/wp\/v2\/comments?post=1030"}],"version-history":[{"count":1,"href":"http:\/\/gabrielats.es\/blog\/wp-json\/wp\/v2\/posts\/1030\/revisions"}],"predecessor-version":[{"id":1031,"href":"http:\/\/gabrielats.es\/blog\/wp-json\/wp\/v2\/posts\/1030\/revisions\/1031"}],"wp:attachment":[{"href":"http:\/\/gabrielats.es\/blog\/wp-json\/wp\/v2\/media?parent=1030"}],"wp:term":[{"taxonomy":"category","embeddable":true,"href":"http:\/\/gabrielats.es\/blog\/wp-json\/wp\/v2\/categories?post=1030"},{"taxonomy":"post_tag","embeddable":true,"href":"http:\/\/gabrielats.es\/blog\/wp-json\/wp\/v2\/tags?post=1030"}],"curies":[{"name":"wp","href":"https:\/\/api.w.org\/{rel}","templated":true}]}}